{"id":1027,"date":"2022-05-04T18:37:27","date_gmt":"2022-05-04T18:37:27","guid":{"rendered":"http:\/\/ff-rossbach.at\/wordpress\/?p=1027"},"modified":"2022-05-04T19:54:05","modified_gmt":"2022-05-04T19:54:05","slug":"gemeinsam-sicher-feuerwehr-29-04-2022","status":"publish","type":"post","link":"http:\/\/ff-rossbach.at\/?p=1027","title":{"rendered":"Gemeinsam-Sicher-Feuerwehr 29.04.2022"},"content":{"rendered":"<p>Unter dem Moto &#8222;Gemeinsam-Sicher-Feuerwehr&#8220; fand die R\u00e4umungs\u00fcbung des Kindergartens und der Volkschule Rossbach statt.<br \/>\nGemeinsam mit den Feuerwehren Fraham, R\u00f6dham und St. Veit wurde der Ablauf f\u00fcr den Ernstfall mit den Kindern ge\u00fcbt.<br \/>\nDanach konnte noch alle Kinder die Feuerwehrfahrzeuge und die Ger\u00e4te f\u00fcr den Einsatz aus der N\u00e4he betrachten.<\/p>\n\n\t\t<style type=\"text\/css\">\n\t\t\t#gallery-1 {\n\t\t\t\tmargin: auto;\n\t\t\t}\n\t\t\t#gallery-1 .gallery-item {\n\t\t\t\tfloat: left;\n\t\t\t\tmargin-top: 10px;\n\t\t\t\ttext-align: center;\n\t\t\t\twidth: 33%;\n\t\t\t}\n\t\t\t#gallery-1 img {\n\t\t\t\tborder: 2px solid #cfcfcf;\n\t\t\t}\n\t\t\t#gallery-1 .gallery-caption {\n\t\t\t\tmargin-left: 0;\n\t\t\t}\n\t\t\t\/* see gallery_shortcode() in wp-includes\/media.php *\/\n\t\t<\/style>\n\t\t<div id='gallery-1' class='gallery galleryid-1027 gallery-columns-3 gallery-size-thumbnail'><dl class='gallery-item'>\n\t\t\t<dt class='gallery-icon portrait'>\n\t\t\t\t<a href='http:\/\/ff-rossbach.at\/?attachment_id=1028'><img width=\"150\" height=\"150\" src=\"http:\/\/ff-rossbach.at\/wp-content\/uploads\/2022\/05\/IMG_4281-e1651689363623-150x150.jpg\" class=\"attachment-thumbnail size-thumbnail\" alt=\"\" decoding=\"async\" loading=\"lazy\" \/><\/a>\n\t\t\t<\/dt><\/dl><dl class='gallery-item'>\n\t\t\t<dt class='gallery-icon portrait'>\n\t\t\t\t<a href='http:\/\/ff-rossbach.at\/?attachment_id=1029'><img width=\"150\" height=\"150\" src=\"http:\/\/ff-rossbach.at\/wp-content\/uploads\/2022\/05\/IMG_4292-e1651689388472-150x150.jpg\" class=\"attachment-thumbnail size-thumbnail\" alt=\"\" decoding=\"async\" loading=\"lazy\" \/><\/a>\n\t\t\t<\/dt><\/dl><dl class='gallery-item'>\n\t\t\t<dt class='gallery-icon portrait'>\n\t\t\t\t<a href='http:\/\/ff-rossbach.at\/?attachment_id=1030'><img width=\"150\" height=\"150\" src=\"http:\/\/ff-rossbach.at\/wp-content\/uploads\/2022\/05\/IMG_4681-e1651689408559-150x150.jpg\" class=\"attachment-thumbnail size-thumbnail\" alt=\"\" decoding=\"async\" loading=\"lazy\" \/><\/a>\n\t\t\t<\/dt><\/dl><br style=\"clear: both\" \/>\n\t\t<\/div>\n\n","protected":false},"excerpt":{"rendered":"<p>Unter dem Moto &#8222;Gemeinsam-Sicher-Feuerwehr&#8220; fand die R\u00e4umungs\u00fcbung des Kindergartens und der Volkschule Rossbach statt. Gemeinsam mit den Feuerwehren Fraham, R\u00f6dham und St. Veit wurde der Ablauf f\u00fcr den Ernstfall mit den Kindern ge\u00fcbt. Danach konnte noch alle Kinder die Feuerwehrfahrzeuge &hellip; <a href=\"http:\/\/ff-rossbach.at\/?p=1027\">Weiterlesen <span class=\"meta-nav\">&rarr;<\/span><\/a><\/p>\n","protected":false},"author":1,"featured_media":0,"comment_status":"closed","ping_status":"closed","sticky":false,"template":"","format":"standard","meta":{"footnotes":""},"categories":[2],"tags":[],"_links":{"self":[{"href":"http:\/\/ff-rossbach.at\/index.php?rest_route=\/wp\/v2\/posts\/1027"}],"collection":[{"href":"http:\/\/ff-rossbach.at\/index.php?rest_route=\/wp\/v2\/posts"}],"about":[{"href":"http:\/\/ff-rossbach.at\/index.php?rest_route=\/wp\/v2\/types\/post"}],"author":[{"embeddable":true,"href":"http:\/\/ff-rossbach.at\/index.php?rest_route=\/wp\/v2\/users\/1"}],"replies":[{"embeddable":true,"href":"http:\/\/ff-rossbach.at\/index.php?rest_route=%2Fwp%2Fv2%2Fcomments&post=1027"}],"version-history":[{"count":3,"href":"http:\/\/ff-rossbach.at\/index.php?rest_route=\/wp\/v2\/posts\/1027\/revisions"}],"predecessor-version":[{"id":1048,"href":"http:\/\/ff-rossbach.at\/index.php?rest_route=\/wp\/v2\/posts\/1027\/revisions\/1048"}],"wp:attachment":[{"href":"http:\/\/ff-rossbach.at\/index.php?rest_route=%2Fwp%2Fv2%2Fmedia&parent=1027"}],"wp:term":[{"taxonomy":"category","embeddable":true,"href":"http:\/\/ff-rossbach.at\/index.php?rest_route=%2Fwp%2Fv2%2Fcategories&post=1027"},{"taxonomy":"post_tag","embeddable":true,"href":"http:\/\/ff-rossbach.at\/index.php?rest_route=%2Fwp%2Fv2%2Ftags&post=1027"}],"curies":[{"name":"wp","href":"https:\/\/api.w.org\/{rel}","templated":true}]}}