{"id":938,"date":"2020-08-30T13:46:44","date_gmt":"2020-08-30T13:46:44","guid":{"rendered":"http:\/\/ff-rossbach.at\/wordpress\/?p=938"},"modified":"2020-08-30T13:46:44","modified_gmt":"2020-08-30T13:46:44","slug":"verkehrsunfall-in-gruenau-30-08-2020","status":"publish","type":"post","link":"http:\/\/ff-rossbach.at\/?p=938","title":{"rendered":"Verkehrsunfall in Gr\u00fcnau 30.08.2020"},"content":{"rendered":"<p>Am 30.08. um ca. 1:20 wurden wir gemeinsam mit den Feuerwehren Altheim und St.Veit zu einem Verkehrsunfall mit eingeklemmter Person alarmiert. Beim Eintreffen am Einsatzort stellten wir folgende Lage fest: ein PKW kam auf der Fahrerseite quer \u00fcber den Bach zum liegen.<\/p>\n<p>Unsere Hauptaufgaben bestanden darin das Fahrzeug zu sichern und eine Befreiungs\u00f6ffnung \u00fcber den Kofferraum f\u00fcr das Rote Kreuz zu schaffen.<\/p>\n<p>Nach dem Abtransport der verletzten Person, mussten wir noch das ausgelaufene Betriebs\u00f6l binden und die Unfallstelle s\u00e4ubern.<\/p>\n<p>Im Einsatz standen:<br \/>\nFF Ro\u00dfbach mit KDO,TLF-2000,KLF-L<br \/>\nFF Altheim mit KDO, KLF-L<br \/>\nFF St. Veit mit KDO, LF-B<br \/>\nAFK Mauerkirchen<br \/>\nRotes Kreuz, NEF<br \/>\nPolizei Altheim<\/p>\n\n<p>&nbsp;<\/p>\n","protected":false},"excerpt":{"rendered":"<p>Am 30.08. um ca. 1:20 wurden wir gemeinsam mit den Feuerwehren Altheim und St.Veit zu einem Verkehrsunfall mit eingeklemmter Person alarmiert. Beim Eintreffen am Einsatzort stellten wir folgende Lage fest: ein PKW kam auf der Fahrerseite quer \u00fcber den Bach &hellip; <a href=\"http:\/\/ff-rossbach.at\/?p=938\">Weiterlesen <span class=\"meta-nav\">&rarr;<\/span><\/a><\/p>\n","protected":false},"author":1,"featured_media":0,"comment_status":"closed","ping_status":"closed","sticky":false,"template":"","format":"standard","meta":{"footnotes":""},"categories":[2,3],"tags":[],"_links":{"self":[{"href":"http:\/\/ff-rossbach.at\/index.php?rest_route=\/wp\/v2\/posts\/938"}],"collection":[{"href":"http:\/\/ff-rossbach.at\/index.php?rest_route=\/wp\/v2\/posts"}],"about":[{"href":"http:\/\/ff-rossbach.at\/index.php?rest_route=\/wp\/v2\/types\/post"}],"author":[{"embeddable":true,"href":"http:\/\/ff-rossbach.at\/index.php?rest_route=\/wp\/v2\/users\/1"}],"replies":[{"embeddable":true,"href":"http:\/\/ff-rossbach.at\/index.php?rest_route=%2Fwp%2Fv2%2Fcomments&post=938"}],"version-history":[{"count":2,"href":"http:\/\/ff-rossbach.at\/index.php?rest_route=\/wp\/v2\/posts\/938\/revisions"}],"predecessor-version":[{"id":946,"href":"http:\/\/ff-rossbach.at\/index.php?rest_route=\/wp\/v2\/posts\/938\/revisions\/946"}],"wp:attachment":[{"href":"http:\/\/ff-rossbach.at\/index.php?rest_route=%2Fwp%2Fv2%2Fmedia&parent=938"}],"wp:term":[{"taxonomy":"category","embeddable":true,"href":"http:\/\/ff-rossbach.at\/index.php?rest_route=%2Fwp%2Fv2%2Fcategories&post=938"},{"taxonomy":"post_tag","embeddable":true,"href":"http:\/\/ff-rossbach.at\/index.php?rest_route=%2Fwp%2Fv2%2Ftags&post=938"}],"curies":[{"name":"wp","href":"https:\/\/api.w.org\/{rel}","templated":true}]}}